{"id":1960,"date":"2024-08-27T20:41:47","date_gmt":"2024-08-27T20:41:47","guid":{"rendered":"http:\/\/www.movilh.cl\/cine\/?p=1960"},"modified":"2024-08-29T18:08:07","modified_gmt":"2024-08-29T18:08:07","slug":"el-debil-color-rosado","status":"publish","type":"post","link":"http:\/\/www.movilh.cl\/cine\/el-debil-color-rosado\/","title":{"rendered":"EL D\u00c9BIL COLOR ROSADO"},"content":{"rendered":"\n<div class=\"wp-block-columns is-layout-flex wp-container-core-columns-is-layout-1 wp-block-columns-is-layout-flex\">\n<div class=\"wp-block-column is-layout-flow wp-block-column-is-layout-flow\">\n<figure class=\"wp-block-image size-full is-resized\"><a href=\"http:\/\/www.movilh.cl\/cine\/wp-content\/uploads\/2024\/08\/114-poster_El-debil-color-rosado.jpg\"><img loading=\"lazy\" decoding=\"async\" width=\"1620\" height=\"2160\" src=\"http:\/\/www.movilh.cl\/cine\/wp-content\/uploads\/2024\/08\/114-poster_El-debil-color-rosado.jpg\" alt=\"\" class=\"wp-image-1961\" style=\"width:500px\" srcset=\"http:\/\/www.movilh.cl\/cine\/wp-content\/uploads\/2024\/08\/114-poster_El-debil-color-rosado.jpg 1620w, http:\/\/www.movilh.cl\/cine\/wp-content\/uploads\/2024\/08\/114-poster_El-debil-color-rosado-150x200.jpg 150w, http:\/\/www.movilh.cl\/cine\/wp-content\/uploads\/2024\/08\/114-poster_El-debil-color-rosado-248x330.jpg 248w\" sizes=\"(max-width: 1620px) 100vw, 1620px\" \/><\/a><\/figure>\n<\/div>\n\n\n\n<div class=\"wp-block-column is-layout-flow wp-block-column-is-layout-flow\">\n<p><strong>A\u00f1o:<\/strong>\u00a02023<br><strong>Pa\u00eds:<\/strong>\u00a0Chile<br><strong>Direcci\u00f3n:<\/strong>\u00a0Mat\u00eda\u00a0Osorio<br><strong>Duraci\u00f3n:<\/strong>\u00a010\u2032<br><strong>Categor\u00eda:<\/strong>\u00a0Ficci\u00f3n<br><strong>Sinopsis:<\/strong>\u00a0Mon (15) un t\u00edmido adolescente de ojos expresivos y dientes de conejo, se escapa del colegio junto a \u00c1ngel (16), su rebelde mejor amigue, para celebrar su quinto aniversario de amistad en el skatepark donde suelen patinar. Ya en camino, Mon duda si continuar o no, pero \u00c1ngel le convence. Antes de patinar, desayunan, mientras recuerdan c\u00f3mo se conocieron e intercambian regalos cruzando t\u00edmidas miradas. Mientras Mon se prepara para acompa\u00f1arle, observa patinar a \u00c1ngel y lo imagina con unas alas de \u00e1ngel. Luego de juguetear en el skatepark, toman un descanso y comparten un cigarrillo intercambiando miradas, para luego seguir patinando. Luego de un rato, \u00c1ngel le confiesa a Mon que le gusta alguien, pero que no sabe c\u00f3mo dec\u00edrselo. Esto hace que Mon pierda el equilibrio y caiga haci\u00e9ndose un rasgu\u00f1o en la rodilla, el cual ayuda a curar a \u00c1ngel. Mon, al final del d\u00eda, sin haberse atrevido a decirle lo que siente a \u00c1ngel, se saca los patines y al ponerse un zapato encuentra una nota de \u00c1ngel con una declaraci\u00f3n de amor.<\/p>\n<\/div>\n<\/div>\n\n\n\n<p><\/p>\n","protected":false},"excerpt":{"rendered":"<p>A&ntilde;o:&nbsp;2023Pa&iacute;s:&nbsp;ChileDirecci&oacute;n:&nbsp;Mat&iacute;a&nbsp;OsorioDuraci&oacute;n:&nbsp;10&prime;Categor&iacute;a:&nbsp;Ficci&oacute;nSinopsis:&nbsp;Mon (15) un t&iacute;mido adolescente de ojos expresivos y dientes de conejo, se escapa del colegio junto a &Aacute;ngel (16), su rebelde mejor amigue, para celebrar su quinto aniversario de amistad en el skatepark donde suelen patinar. Ya en camino, Mon duda si continuar o no, pero &Aacute;ngel le convence. Antes de patinar, desayunan, mientras &hellip; <\/p>\n<p class=\"link-more\"><a href=\"http:\/\/www.movilh.cl\/cine\/el-debil-color-rosado\/\" class=\"more-link\">Leer m\u00e1s<span class=\"screen-reader-text\"> \u00abEL D\u00c9BIL COLOR ROSADO\u00bb<\/span><\/a><\/p>\n","protected":false},"author":1,"featured_media":0,"comment_status":"closed","ping_status":"","sticky":false,"template":"","format":"standard","meta":{"footnotes":""},"categories":[1],"tags":[],"class_list":["post-1960","post","type-post","status-publish","format-standard","hentry","category-sin-categoria"],"_links":{"self":[{"href":"http:\/\/www.movilh.cl\/cine\/wp-json\/wp\/v2\/posts\/1960"}],"collection":[{"href":"http:\/\/www.movilh.cl\/cine\/wp-json\/wp\/v2\/posts"}],"about":[{"href":"http:\/\/www.movilh.cl\/cine\/wp-json\/wp\/v2\/types\/post"}],"author":[{"embeddable":true,"href":"http:\/\/www.movilh.cl\/cine\/wp-json\/wp\/v2\/users\/1"}],"replies":[{"embeddable":true,"href":"http:\/\/www.movilh.cl\/cine\/wp-json\/wp\/v2\/comments?post=1960"}],"version-history":[{"count":2,"href":"http:\/\/www.movilh.cl\/cine\/wp-json\/wp\/v2\/posts\/1960\/revisions"}],"predecessor-version":[{"id":1980,"href":"http:\/\/www.movilh.cl\/cine\/wp-json\/wp\/v2\/posts\/1960\/revisions\/1980"}],"wp:attachment":[{"href":"http:\/\/www.movilh.cl\/cine\/wp-json\/wp\/v2\/media?parent=1960"}],"wp:term":[{"taxonomy":"category","embeddable":true,"href":"http:\/\/www.movilh.cl\/cine\/wp-json\/wp\/v2\/categories?post=1960"},{"taxonomy":"post_tag","embeddable":true,"href":"http:\/\/www.movilh.cl\/cine\/wp-json\/wp\/v2\/tags?post=1960"}],"curies":[{"name":"wp","href":"https:\/\/api.w.org\/{rel}","templated":true}]}}